{"id":1315,"date":"2024-01-02T11:33:33","date_gmt":"2024-01-02T11:33:33","guid":{"rendered":"https:\/\/maragallabogados.com\/?p=1315"},"modified":"2024-01-02T11:33:34","modified_gmt":"2024-01-02T11:33:34","slug":"patria-potestad-y-guarda-y-custodia","status":"publish","type":"post","link":"https:\/\/maragallabogados.com\/ca\/patria-potestad-y-guarda-y-custodia\/","title":{"rendered":"P\u00e0tria Potestat i Guarda i Cust\u00f2dia: Guia Legal per a Pares en proc\u00e9s de Separaci\u00f3"},"content":{"rendered":"<div data-elementor-type=\"wp-post\" data-elementor-id=\"1315\" class=\"elementor elementor-1315\" data-elementor-post-type=\"post\">\n\t\t\t\t\t\t<section class=\"elementor-section elementor-top-section elementor-element elementor-element-f93bf90 elementor-section-boxed elementor-section-height-default elementor-section-height-default\" data-id=\"f93bf90\" data-element_type=\"section\">\n\t\t\t\t\t\t<div class=\"elementor-container elementor-column-gap-default\">\n\t\t\t\t\t<div class=\"elementor-column elementor-col-100 elementor-top-column elementor-element elementor-element-737be87\" data-id=\"737be87\" data-element_type=\"column\">\n\t\t\t<div class=\"elementor-widget-wrap elementor-element-populated\">\n\t\t\t\t\t\t<div class=\"elementor-element elementor-element-6f9496d elementor-widget elementor-widget-heading\" data-id=\"6f9496d\" data-element_type=\"widget\" data-widget_type=\"heading.default\">\n\t\t\t\t<div class=\"elementor-widget-container\">\n\t\t\t\t\t<h2 class=\"elementor-heading-title elementor-size-default\">P\u00e0tria Potestat i Guarda i Cust\u00f2dia: Navegant les Aig\u00fces Legals<\/h2>\t\t\t\t<\/div>\n\t\t\t\t<\/div>\n\t\t\t\t<div class=\"elementor-element elementor-element-132dc78 elementor-widget elementor-widget-text-editor\" data-id=\"132dc78\" data-element_type=\"widget\" data-widget_type=\"text-editor.default\">\n\t\t\t\t<div class=\"elementor-widget-container\">\n\t\t\t\t\t\t\t\t\t<p>La presa de decisions relacionades amb la separaci\u00f3, especialment quan hi ha fills involucrats, pot ser aclaparadora. A Maragall Advocats, comprenem la complexitat d'aquest proc\u00e9s i som aqu\u00ed per guiar-te a trav\u00e9s dels conceptes crucials de p\u00e0tria potestat i guarda i cust\u00f2dia, sovint malinterpretats pels qui busquen orientaci\u00f3 legal.<\/p>\t\t\t\t\t\t\t\t<\/div>\n\t\t\t\t<\/div>\n\t\t\t\t<div class=\"elementor-element elementor-element-e4a5c58 elementor-widget elementor-widget-heading\" data-id=\"e4a5c58\" data-element_type=\"widget\" data-widget_type=\"heading.default\">\n\t\t\t\t<div class=\"elementor-widget-container\">\n\t\t\t\t\t<h2 class=\"elementor-heading-title elementor-size-default\">Comprenent la P\u00e0tria Potestat: Un Vincle Indissoluble<\/h2>\t\t\t\t<\/div>\n\t\t\t\t<\/div>\n\t\t\t\t<div class=\"elementor-element elementor-element-14ee4d6 elementor-widget elementor-widget-text-editor\" data-id=\"14ee4d6\" data-element_type=\"widget\" data-widget_type=\"text-editor.default\">\n\t\t\t\t<div class=\"elementor-widget-container\">\n\t\t\t\t\t\t\t\t\t<p>La p\u00e0tria potestat, tant un dret com un deure, confereix als progenitors la capacitat de prendre decisions crucials en la vida del menor. Des de l'elecci\u00f3 de l'escola fins a decisions m\u00e8diques, aquesta responsabilitat sempre es comparteix, excepte en casos excepcionals. L'article 154 del Codi Civil estableix els seus deures i facultats, mentre el 156 aborda la possibilitat de desacord entre els progenitors.<\/p>\t\t\t\t\t\t\t\t<\/div>\n\t\t\t\t<\/div>\n\t\t\t\t<div class=\"elementor-element elementor-element-a5db907 elementor-widget elementor-widget-heading\" data-id=\"a5db907\" data-element_type=\"widget\" data-widget_type=\"heading.default\">\n\t\t\t\t<div class=\"elementor-widget-container\">\n\t\t\t\t\t<h2 class=\"elementor-heading-title elementor-size-default\">Normatives Legals: La Base de la Responsabilitat Parental<\/h2>\t\t\t\t<\/div>\n\t\t\t\t<\/div>\n\t\t\t\t<div class=\"elementor-element elementor-element-28af415 elementor-widget elementor-widget-text-editor\" data-id=\"28af415\" data-element_type=\"widget\" data-widget_type=\"text-editor.default\">\n\t\t\t\t<div class=\"elementor-widget-container\">\n\t\t\t\t\t\t\t\t\t<p>La p\u00e0tria potestat es regeix pels articles 154 i 156 del Codi Civil. L'ess\u00e8ncia d'aquesta responsabilitat parental \u00e9s vetllar pels fills, tenir-los en companyia, alimentar-los, educar-los i procurar-los una formaci\u00f3 integral. La representaci\u00f3 i administraci\u00f3 dels seus b\u00e9ns tamb\u00e9 s\u00f3n part integral d'aquesta funci\u00f3.<\/p>\t\t\t\t\t\t\t\t<\/div>\n\t\t\t\t<\/div>\n\t\t\t\t<div class=\"elementor-element elementor-element-f253bda elementor-widget elementor-widget-heading\" data-id=\"f253bda\" data-element_type=\"widget\" data-widget_type=\"heading.default\">\n\t\t\t\t<div class=\"elementor-widget-container\">\n\t\t\t\t\t<h2 class=\"elementor-heading-title elementor-size-default\">Privaci\u00f3 i Extinci\u00f3: L\u00edmits i Condicions<\/h2>\t\t\t\t<\/div>\n\t\t\t\t<\/div>\n\t\t\t\t<div class=\"elementor-element elementor-element-7a1c51e elementor-widget elementor-widget-text-editor\" data-id=\"7a1c51e\" data-element_type=\"widget\" data-widget_type=\"text-editor.default\">\n\t\t\t\t<div class=\"elementor-widget-container\">\n\t\t\t\t\t\t\t\t\t<p>La privaci\u00f3 de la p\u00e0tria potestat pot oc\u00f3rrer en casos d'incompliment de deures, causes criminals o matrimonials (Article 170). A m\u00e9s, l'extinci\u00f3 pot produir-se per mort, emancipaci\u00f3 o adopci\u00f3 del fill (Article 169).<\/p>\t\t\t\t\t\t\t\t<\/div>\n\t\t\t\t<\/div>\n\t\t\t\t<div class=\"elementor-element elementor-element-1b78bac elementor-widget elementor-widget-heading\" data-id=\"1b78bac\" data-element_type=\"widget\" data-widget_type=\"heading.default\">\n\t\t\t\t<div class=\"elementor-widget-container\">\n\t\t\t\t\t<h2 class=\"elementor-heading-title elementor-size-default\">Guarda i Cust\u00f2dia: M\u00e9s Enll\u00e0 de les Decisions Transcendentals<\/h2>\t\t\t\t<\/div>\n\t\t\t\t<\/div>\n\t\t\t\t<div class=\"elementor-element elementor-element-ca25fd5 elementor-widget elementor-widget-text-editor\" data-id=\"ca25fd5\" data-element_type=\"widget\" data-widget_type=\"text-editor.default\">\n\t\t\t\t<div class=\"elementor-widget-container\">\n\t\t\t\t\t\t\t\t\t<p>Contrastant amb la p\u00e0tria potestat, la guarda i cust\u00f2dia se centra en la cura di\u00e0ria dels fills. Regulada per l'article 92 del Codi Civil, determina qui s'encarrega d'aspectes quotidians com la rutina di\u00e0ria i la conviv\u00e8ncia.<\/p>\t\t\t\t\t\t\t\t<\/div>\n\t\t\t\t<\/div>\n\t\t\t\t<div class=\"elementor-element elementor-element-6c55023 elementor-widget elementor-widget-heading\" data-id=\"6c55023\" data-element_type=\"widget\" data-widget_type=\"heading.default\">\n\t\t\t\t<div class=\"elementor-widget-container\">\n\t\t\t\t\t<h2 class=\"elementor-heading-title elementor-size-default\">Difer\u00e8ncies Clau: Entenent les Responsabilitats Di\u00e0ries<\/h2>\t\t\t\t<\/div>\n\t\t\t\t<\/div>\n\t\t\t\t<div class=\"elementor-element elementor-element-6f85ea7 elementor-widget elementor-widget-text-editor\" data-id=\"6f85ea7\" data-element_type=\"widget\" data-widget_type=\"text-editor.default\">\n\t\t\t\t<div class=\"elementor-widget-container\">\n\t\t\t\t\t\t\t\t\t<p>La p\u00e0tria potestat sempre \u00e9s compartida, mentre que la guarda i cust\u00f2dia pot ser exclusiva o compartida, depenent de les circumst\u00e0ncies familiars i l'inter\u00e8s del menor.<\/p>\t\t\t\t\t\t\t\t<\/div>\n\t\t\t\t<\/div>\n\t\t\t\t<div class=\"elementor-element elementor-element-6491b24 elementor-widget elementor-widget-heading\" data-id=\"6491b24\" data-element_type=\"widget\" data-widget_type=\"heading.default\">\n\t\t\t\t<div class=\"elementor-widget-container\">\n\t\t\t\t\t<h2 class=\"elementor-heading-title elementor-size-default\">Criteris Jur\u00eddics: Factors Determinants<\/h2>\t\t\t\t<\/div>\n\t\t\t\t<\/div>\n\t\t\t\t<div class=\"elementor-element elementor-element-b667b1d elementor-widget elementor-widget-text-editor\" data-id=\"b667b1d\" data-element_type=\"widget\" data-widget_type=\"text-editor.default\">\n\t\t\t\t<div class=\"elementor-widget-container\">\n\t\t\t\t\t\t\t\t\t<p>Els tribunals moderns afavoreixen la cust\u00f2dia compartida per protegir l'inter\u00e8s superior del menor. Consideren factors com les prefer\u00e8ncies del menor, no separar germans i la disponibilitat dels progenitors.<\/p>\t\t\t\t\t\t\t\t<\/div>\n\t\t\t\t<\/div>\n\t\t\t\t<div class=\"elementor-element elementor-element-744949c elementor-widget elementor-widget-heading\" data-id=\"744949c\" data-element_type=\"widget\" data-widget_type=\"heading.default\">\n\t\t\t\t<div class=\"elementor-widget-container\">\n\t\t\t\t\t<h2 class=\"elementor-heading-title elementor-size-default\">Cust\u00f2dia per Tercers: Protegint el Menor en Situacions Especials<\/h2>\t\t\t\t<\/div>\n\t\t\t\t<\/div>\n\t\t\t\t<div class=\"elementor-element elementor-element-d904cbb elementor-widget elementor-widget-text-editor\" data-id=\"d904cbb\" data-element_type=\"widget\" data-widget_type=\"text-editor.default\">\n\t\t\t\t<div class=\"elementor-widget-container\">\n\t\t\t\t\t\t\t\t\t<p>En circumst\u00e0ncies excepcionals, la cust\u00f2dia es pot atorgar a tercers, com a avis, si \u00e9s necessari per a la protecci\u00f3 del menor. Per exemple, en casos de pares incapa\u00e7os de cuidar de si mateixos.<\/p>\t\t\t\t\t\t\t\t<\/div>\n\t\t\t\t<\/div>\n\t\t\t\t<div class=\"elementor-element elementor-element-f095b30 elementor-widget elementor-widget-heading\" data-id=\"f095b30\" data-element_type=\"widget\" data-widget_type=\"heading.default\">\n\t\t\t\t<div class=\"elementor-widget-container\">\n\t\t\t\t\t<h2 class=\"elementor-heading-title elementor-size-default\">Explorant M\u00e9s Enll\u00e0: Aspectes Espec\u00edfics de la Guarda i Cust\u00f2dia<\/h2>\t\t\t\t<\/div>\n\t\t\t\t<\/div>\n\t\t\t\t<div class=\"elementor-element elementor-element-2a2fb2c elementor-widget elementor-widget-text-editor\" data-id=\"2a2fb2c\" data-element_type=\"widget\" data-widget_type=\"text-editor.default\">\n\t\t\t\t<div class=\"elementor-widget-container\">\n\t\t\t\t\t\t\t\t\t<p>Despr\u00e9s de comprendre la base de la guarda i cust\u00f2dia, \u00e9s crucial explorar aspectes espec\u00edfics que poden sorgir durant el proc\u00e9s legal.<\/p>\t\t\t\t\t\t\t\t<\/div>\n\t\t\t\t<\/div>\n\t\t\t\t<div class=\"elementor-element elementor-element-4c5b401 elementor-widget elementor-widget-heading\" data-id=\"4c5b401\" data-element_type=\"widget\" data-widget_type=\"heading.default\">\n\t\t\t\t<div class=\"elementor-widget-container\">\n\t\t\t\t\t<h2 class=\"elementor-heading-title elementor-size-default\">1. Cust\u00f2dia Compartida: Equilibri a la Rutina Di\u00e0ria<\/h2>\t\t\t\t<\/div>\n\t\t\t\t<\/div>\n\t\t\t\t<div class=\"elementor-element elementor-element-82ee661 elementor-widget elementor-widget-text-editor\" data-id=\"82ee661\" data-element_type=\"widget\" data-widget_type=\"text-editor.default\">\n\t\t\t\t<div class=\"elementor-widget-container\">\n\t\t\t\t\t\t\t\t\t<p>La cust\u00f2dia compartida implica un repartiment equitatiu de temps entre els progenitors per mantenir una conviv\u00e8ncia estable. Explorem com aquesta opci\u00f3 pot beneficiar la vida di\u00e0ria del menor i com els pares poden gestionar-la de manera efectiva.<\/p>\t\t\t\t\t\t\t\t<\/div>\n\t\t\t\t<\/div>\n\t\t\t\t<div class=\"elementor-element elementor-element-8f97efe elementor-widget elementor-widget-heading\" data-id=\"8f97efe\" data-element_type=\"widget\" data-widget_type=\"heading.default\">\n\t\t\t\t<div class=\"elementor-widget-container\">\n\t\t\t\t\t<h2 class=\"elementor-heading-title elementor-size-default\">2. Cust\u00f2dia Exclusiva: Enfocament en el Benestar Integral<\/h2>\t\t\t\t<\/div>\n\t\t\t\t<\/div>\n\t\t\t\t<div class=\"elementor-element elementor-element-5c5c0ca elementor-widget elementor-widget-text-editor\" data-id=\"5c5c0ca\" data-element_type=\"widget\" data-widget_type=\"text-editor.default\">\n\t\t\t\t<div class=\"elementor-widget-container\">\n\t\t\t\t\t\t\t\t\t<p>Quan la cust\u00f2dia exclusiva \u00e9s l'elecci\u00f3, examinem com s'estableix aquesta din\u00e0mica i com s'assegura el benestar integral del menor. Abordem els desafiaments i les responsabilitats que comporta aquesta decisi\u00f3.<\/p>\t\t\t\t\t\t\t\t<\/div>\n\t\t\t\t<\/div>\n\t\t\t\t<div class=\"elementor-element elementor-element-bbea0fe elementor-widget elementor-widget-heading\" data-id=\"bbea0fe\" data-element_type=\"widget\" data-widget_type=\"heading.default\">\n\t\t\t\t<div class=\"elementor-widget-container\">\n\t\t\t\t\t<h2 class=\"elementor-heading-title elementor-size-default\">3. Prefer\u00e8ncies del Menor: La seva Veu en el Proc\u00e9s Legal<\/h2>\t\t\t\t<\/div>\n\t\t\t\t<\/div>\n\t\t\t\t<div class=\"elementor-element elementor-element-5d9e59c elementor-widget elementor-widget-text-editor\" data-id=\"5d9e59c\" data-element_type=\"widget\" data-widget_type=\"text-editor.default\">\n\t\t\t\t<div class=\"elementor-widget-container\">\n\t\t\t\t\t\t\t\t\t<p>La llei reconeix la import\u00e0ncia de les prefer\u00e8ncies del menor en casos de cust\u00f2dia. Analitzem com els tribunals consideren la maduresa del menor i la seva participaci\u00f3 en el proc\u00e9s de presa de decisions.<\/p>\t\t\t\t\t\t\t\t<\/div>\n\t\t\t\t<\/div>\n\t\t\t\t<div class=\"elementor-element elementor-element-746bcb6 elementor-widget elementor-widget-heading\" data-id=\"746bcb6\" data-element_type=\"widget\" data-widget_type=\"heading.default\">\n\t\t\t\t<div class=\"elementor-widget-container\">\n\t\t\t\t\t<h2 class=\"elementor-heading-title elementor-size-default\">Necessites Assessorament Personalitzat? \u00a1Contacta'ns!<\/h2>\t\t\t\t<\/div>\n\t\t\t\t<\/div>\n\t\t\t\t<div class=\"elementor-element elementor-element-90c15e4 elementor-widget elementor-widget-text-editor\" data-id=\"90c15e4\" data-element_type=\"widget\" data-widget_type=\"text-editor.default\">\n\t\t\t\t<div class=\"elementor-widget-container\">\n\t\t\t\t\t\t\t\t\t<p>A Maragall Advocats, no nom\u00e9s comprenem la complexitat de les situacions familiars, sin\u00f3 que tamb\u00e9 oferim un enfocament legal i hum\u00e0 per garantir la millor representaci\u00f3 en casos de p\u00e0tria potestat i guarda i cust\u00f2dia. <a target=\"_new\">Contacta amb nosaltres<\/a> per a una consulta gratu\u00efta i descobreix com podem ajudar-te a protegir el benestar dels teus fills.<\/p>\t\t\t\t\t\t\t\t<\/div>\n\t\t\t\t<\/div>\n\t\t\t\t\t<\/div>\n\t\t<\/div>\n\t\t\t\t\t<\/div>\n\t\t<\/section>\n\t\t\t\t<section class=\"elementor-section elementor-top-section elementor-element elementor-element-41afc76 elementor-section-boxed elementor-section-height-default elementor-section-height-default\" data-id=\"41afc76\" data-element_type=\"section\">\n\t\t\t\t\t\t<div class=\"elementor-container elementor-column-gap-default\">\n\t\t\t\t\t<div class=\"elementor-column elementor-col-100 elementor-top-column elementor-element elementor-element-f055da6\" data-id=\"f055da6\" data-element_type=\"column\">\n\t\t\t<div class=\"elementor-widget-wrap elementor-element-populated\">\n\t\t\t\t\t\t<div class=\"elementor-element elementor-element-cd21335 elementor-widget elementor-widget-image\" data-id=\"cd21335\" data-element_type=\"widget\" data-widget_type=\"image.default\">\n\t\t\t\t<div class=\"elementor-widget-container\">\n\t\t\t\t\t\t\t\t\t\t\t\t\t\t\t<img fetchpriority=\"high\" decoding=\"async\" width=\"447\" height=\"301\" src=\"https:\/\/maragallabogados.com\/wp-content\/uploads\/2024\/01\/Patria-potestad.png\" class=\"attachment-large size-large wp-image-1341\" alt=\"\" srcset=\"https:\/\/maragallabogados.com\/wp-content\/uploads\/2024\/01\/Patria-potestad.png 447w, https:\/\/maragallabogados.com\/wp-content\/uploads\/2024\/01\/Patria-potestad-300x202.png 300w, https:\/\/maragallabogados.com\/wp-content\/uploads\/2024\/01\/Patria-potestad-18x12.png 18w\" sizes=\"(max-width: 447px) 100vw, 447px\" \/>\t\t\t\t\t\t\t\t\t\t\t\t\t\t\t<\/div>\n\t\t\t\t<\/div>\n\t\t\t\t\t<\/div>\n\t\t<\/div>\n\t\t\t\t\t<\/div>\n\t\t<\/section>\n\t\t\t\t<\/div>","protected":false},"excerpt":{"rendered":"<p>P\u00e0tria Potestat i Guarda i Cust\u00f2dia: Navegant les Aig\u00fces Legals La presa de decisions relacionades amb la separaci\u00f3, especialment quan hi ha fills involucrats, pot ser aclaparadora. A Maragall Advocats, comprenem la complexitat d'aquest proc\u00e9s i som aqu\u00ed per guiar-te a trav\u00e9s dels conceptes crucials de p\u00e0tria potestat i guarda i cust\u00f2dia, sovint [...]<\/p>","protected":false},"author":3,"featured_media":1341,"comment_status":"open","ping_status":"open","sticky":false,"template":"","format":"standard","meta":{"footnotes":""},"categories":[11],"tags":[],"class_list":["post-1315","post","type-post","status-publish","format-standard","has-post-thumbnail","hentry","category-derecho-de-familia"],"_links":{"self":[{"href":"https:\/\/maragallabogados.com\/ca\/wp-json\/wp\/v2\/posts\/1315","targetHints":{"allow":["GET"]}}],"collection":[{"href":"https:\/\/maragallabogados.com\/ca\/wp-json\/wp\/v2\/posts"}],"about":[{"href":"https:\/\/maragallabogados.com\/ca\/wp-json\/wp\/v2\/types\/post"}],"author":[{"embeddable":true,"href":"https:\/\/maragallabogados.com\/ca\/wp-json\/wp\/v2\/users\/3"}],"replies":[{"embeddable":true,"href":"https:\/\/maragallabogados.com\/ca\/wp-json\/wp\/v2\/comments?post=1315"}],"version-history":[{"count":0,"href":"https:\/\/maragallabogados.com\/ca\/wp-json\/wp\/v2\/posts\/1315\/revisions"}],"wp:featuredmedia":[{"embeddable":true,"href":"https:\/\/maragallabogados.com\/ca\/wp-json\/wp\/v2\/media\/1341"}],"wp:attachment":[{"href":"https:\/\/maragallabogados.com\/ca\/wp-json\/wp\/v2\/media?parent=1315"}],"wp:term":[{"taxonomy":"category","embeddable":true,"href":"https:\/\/maragallabogados.com\/ca\/wp-json\/wp\/v2\/categories?post=1315"},{"taxonomy":"post_tag","embeddable":true,"href":"https:\/\/maragallabogados.com\/ca\/wp-json\/wp\/v2\/tags?post=1315"}],"curies":[{"name":"wp","href":"https:\/\/api.w.org\/{rel}","templated":true}]}}